{"id":3001,"date":"2014-04-12T10:40:21","date_gmt":"2014-04-12T08:40:21","guid":{"rendered":"http:\/\/www.nevicatas.com\/wp\/?p=3001"},"modified":"2014-04-12T10:41:50","modified_gmt":"2014-04-12T08:41:50","slug":"kulttuurikavely-unescon-maailmanperintokohteessa-vanha-rauma-05-04-2014","status":"publish","type":"post","link":"http:\/\/www.nevicatas.com\/wp\/?p=3001","title":{"rendered":"Kulttuurik\u00e4vely Unescon maailmanperint\u00f6kohteessa: Vanha Rauma 05.04.2014"},"content":{"rendered":"<p>Kirkas kev\u00e4inen auringonpaiste ja reipas merituuli tekiv\u00e4t Nevicata&#8217;s tiimin kulttuurik\u00e4velyst\u00e4 ikimuistoisen! Unescon maailmanperint\u00f6kohde, hyvin hoidettu puutaloalue, pienet &amp; idylliset puodit, rauman gi\u00e4l ja paikallisoppaamme Ari sai v\u00e4kemme viihtym\u00e4\u00e4n koko lauantaip\u00e4iv\u00e4n Raumalla.<!--more--><br \/>\nPuikkelehdimme kapoisilla kaduilla ja pieniss\u00e4 idyllisiss\u00e4 puodeissa bostoneiden kanssa ja haalaroidut iloiset koiramme saivat niin ulkomaisten, kuin kotimaistenkin ohikulkijoiden suut hymyyn. Poikkeuksetta jokainen kommentoi tai kysyi koiristamme jotain, valokuvasi tai ihaili pystykorvaista joukkoamme.<br \/>\nKirkhakkinen, tuo muualla Suomessa naakaksi kutsuttu lintu, h\u00e4rn\u00e4si Lyyli\u00e4 Rauman torilla pyst\u00f6kaffeella oikein kunnolla: se tiesi tarkalleen hihnan mitan ja keekoili sen mukaan. Lyyli nuoleskeli turhaan huuliaan&#8230;<br \/>\nPyh\u00e4n Ristin kirkko oli avoin meille turisteille\u00a0 ja Juliuksen kanssa istahdin kirkon penkkiin Kerttu Horilan veist\u00e4m\u00e4n Alma-rouvan viereen virtt\u00e4 369 &#8221;veisaamaan&#8221;. Kirkon suureen nahkakantiseen kirjaan on nyt kirjattu joukkueemme nimet, koirista vain Julius oli paikalla sis\u00e4tiloissa omaa tassunj\u00e4lke\u00e4\u00e4n kirjaamassa, muut odottivat ulkona. Leppoisan p\u00e4iv\u00e4mme p\u00e4\u00e4timme S.J.Nyyperin makoisaa ja pitk\u00e4n kaavan mukaan nautittua p\u00e4iv\u00e4llist\u00e4 kehuen. Kiitos raumalaisille paikallisvoimille Taru, Heidi ja Ari p\u00e4iv\u00e4n suunnittelusta ja toteutuksesta! Kes\u00e4ll\u00e4 tapaamme j\u00e4lleen!<\/p>\nngg_shortcode_0_placeholder\n","protected":false},"excerpt":{"rendered":"<p>Kirkas kev\u00e4inen auringonpaiste ja reipas merituuli tekiv\u00e4t Nevicata&#8217;s tiimin kulttuurik\u00e4velyst\u00e4 ikimuistoisen! Unescon maailmanperint\u00f6kohde, hyvin hoidettu puutaloalue, pienet &amp; idylliset puodit, rauman gi\u00e4l ja paikallisoppaamme Ari sai v\u00e4kemme viihtym\u00e4\u00e4n koko lauantaip\u00e4iv\u00e4n Raumalla.<\/p>\n","protected":false},"author":3,"featured_media":0,"comment_status":"open","ping_status":"closed","sticky":false,"template":"","format":"standard","meta":{"ngg_post_thumbnail":0,"footnotes":""},"categories":[6],"tags":[],"class_list":["post-3001","post","type-post","status-publish","format-standard","hentry","category-tapahtumat"],"_links":{"self":[{"href":"http:\/\/www.nevicatas.com\/wp\/index.php?rest_route=\/wp\/v2\/posts\/3001","targetHints":{"allow":["GET"]}}],"collection":[{"href":"http:\/\/www.nevicatas.com\/wp\/index.php?rest_route=\/wp\/v2\/posts"}],"about":[{"href":"http:\/\/www.nevicatas.com\/wp\/index.php?rest_route=\/wp\/v2\/types\/post"}],"author":[{"embeddable":true,"href":"http:\/\/www.nevicatas.com\/wp\/index.php?rest_route=\/wp\/v2\/users\/3"}],"replies":[{"embeddable":true,"href":"http:\/\/www.nevicatas.com\/wp\/index.php?rest_route=%2Fwp%2Fv2%2Fcomments&post=3001"}],"version-history":[{"count":4,"href":"http:\/\/www.nevicatas.com\/wp\/index.php?rest_route=\/wp\/v2\/posts\/3001\/revisions"}],"predecessor-version":[{"id":3006,"href":"http:\/\/www.nevicatas.com\/wp\/index.php?rest_route=\/wp\/v2\/posts\/3001\/revisions\/3006"}],"wp:attachment":[{"href":"http:\/\/www.nevicatas.com\/wp\/index.php?rest_route=%2Fwp%2Fv2%2Fmedia&parent=3001"}],"wp:term":[{"taxonomy":"category","embeddable":true,"href":"http:\/\/www.nevicatas.com\/wp\/index.php?rest_route=%2Fwp%2Fv2%2Fcategories&post=3001"},{"taxonomy":"post_tag","embeddable":true,"href":"http:\/\/www.nevicatas.com\/wp\/index.php?rest_route=%2Fwp%2Fv2%2Ftags&post=3001"}],"curies":[{"name":"wp","href":"https:\/\/api.w.org\/{rel}","templated":true}]}}