{"id":3888,"date":"2017-06-13T21:41:47","date_gmt":"2017-06-13T19:41:47","guid":{"rendered":"http:\/\/www.nevicatas.com\/wp\/?p=3888"},"modified":"2017-06-13T21:41:47","modified_gmt":"2017-06-13T19:41:47","slug":"nevicatas-tiimin-kesaretki-kylmapihlajan-majakalle-10-6-2017","status":"publish","type":"post","link":"http:\/\/www.nevicatas.com\/wp\/?p=3888","title":{"rendered":"Nevicata&#8217;s-tiimin kes\u00e4retki Kylm\u00e4pihlajan majakalle 10.6.2017"},"content":{"rendered":"<p>S\u00e4iden haltijan lempilapsina, Jennin ihanan meriaiheisen aamupalakakun maku suussa Nevicata&#8217;s-tiimi veneili saaristolautta Linnealla Kylm\u00e4pihlajan majakalle. Rauman saaristo oli kauneimmillaan; linnuilla pallon muotoiset poikaset, tuomi, tyrni, mansikka ja villiorvokki t\u00e4ydess\u00e4 kukassa, lempe\u00e4 kes\u00e4tuuli ja pilvett\u00f6m\u00e4n taivaan aurinko! <!--more--><br \/>\nMajakkaravintolassa ja ev\u00e4snuotiolla einehdittiin mahat killilleen ja eiku l\u00e4mpimille kiville kiipeilem\u00e4\u00e4n, loikoilemaan, istuksimaan ja voi kyll\u00e4, kyll\u00e4 me nautittiinkin!! Pienimm\u00e4t matkalaisista kulkivat repuissa ja rattaissa, kaikille sopivaksi r\u00e4\u00e4t\u00e4l\u00f6ity verkkaisen menon ulkoilup\u00e4iv\u00e4 osui enemm\u00e4n kuin nappiin! Kyiden ja pesivien lintujen vuoksi koirat olivat hihnoissa kiinni, kallioinen ja kivikkoinen saari on t\u00e4ynn\u00e4 kes\u00e4el\u00e4m\u00e4\u00e4: \u00a0lintuja kiihke\u00e4ss\u00e4 pesint\u00e4puuhassa, perhosia, vaapsiaisia, sisiliskoja, monenlaisia kukkia ja kasveja kukassa &#8211; kaikilla kova tohina p\u00e4\u00e4ll\u00e4. Bostonlaumamme her\u00e4tti j\u00e4lleen positiivista huomiota, saarella vierailevat muut ryhm\u00e4t tunnistivat rodun ja moni j\u00e4i juttusille.<\/p>\n<p>Kiitos j\u00e4lleen armaat tiimil\u00e4iseni &#8211; on ihana reissata teid\u00e4n ja pienten hurmureidemme kanssa! Timanttinen p\u00e4iv\u00e4 j\u00e4\u00e4 muistoihin i\u00e4ksi!<\/p>\nngg_shortcode_0_placeholder\n","protected":false},"excerpt":{"rendered":"<p>S\u00e4iden haltijan lempilapsina, Jennin ihanan meriaiheisen aamupalakakun maku suussa Nevicata&#8217;s-tiimi veneili saaristolautta Linnealla Kylm\u00e4pihlajan majakalle. Rauman saaristo oli kauneimmillaan; linnuilla pallon muotoiset poikaset, tuomi, tyrni, mansikka ja villiorvokki t\u00e4ydess\u00e4 kukassa, lempe\u00e4 kes\u00e4tuuli ja pilvett\u00f6m\u00e4n taivaan aurinko!<\/p>\n","protected":false},"author":3,"featured_media":0,"comment_status":"open","ping_status":"closed","sticky":false,"template":"","format":"standard","meta":{"ngg_post_thumbnail":0,"footnotes":""},"categories":[6],"tags":[],"class_list":["post-3888","post","type-post","status-publish","format-standard","hentry","category-tapahtumat"],"_links":{"self":[{"href":"http:\/\/www.nevicatas.com\/wp\/index.php?rest_route=\/wp\/v2\/posts\/3888","targetHints":{"allow":["GET"]}}],"collection":[{"href":"http:\/\/www.nevicatas.com\/wp\/index.php?rest_route=\/wp\/v2\/posts"}],"about":[{"href":"http:\/\/www.nevicatas.com\/wp\/index.php?rest_route=\/wp\/v2\/types\/post"}],"author":[{"embeddable":true,"href":"http:\/\/www.nevicatas.com\/wp\/index.php?rest_route=\/wp\/v2\/users\/3"}],"replies":[{"embeddable":true,"href":"http:\/\/www.nevicatas.com\/wp\/index.php?rest_route=%2Fwp%2Fv2%2Fcomments&post=3888"}],"version-history":[{"count":3,"href":"http:\/\/www.nevicatas.com\/wp\/index.php?rest_route=\/wp\/v2\/posts\/3888\/revisions"}],"predecessor-version":[{"id":3892,"href":"http:\/\/www.nevicatas.com\/wp\/index.php?rest_route=\/wp\/v2\/posts\/3888\/revisions\/3892"}],"wp:attachment":[{"href":"http:\/\/www.nevicatas.com\/wp\/index.php?rest_route=%2Fwp%2Fv2%2Fmedia&parent=3888"}],"wp:term":[{"taxonomy":"category","embeddable":true,"href":"http:\/\/www.nevicatas.com\/wp\/index.php?rest_route=%2Fwp%2Fv2%2Fcategories&post=3888"},{"taxonomy":"post_tag","embeddable":true,"href":"http:\/\/www.nevicatas.com\/wp\/index.php?rest_route=%2Fwp%2Fv2%2Ftags&post=3888"}],"curies":[{"name":"wp","href":"https:\/\/api.w.org\/{rel}","templated":true}]}}